{"id":1746,"date":"2026-07-20T13:30:32","date_gmt":"2026-07-20T11:30:32","guid":{"rendered":"https:\/\/www.detlev-kostka.de\/plansmart-bauconsulting\/?p=1746"},"modified":"2026-08-26T13:12:18","modified_gmt":"2026-08-26T11:12:18","slug":"neubau-kindertagesstaette-preussenstrasse","status":"publish","type":"post","link":"https:\/\/www.detlev-kostka.de\/plansmart-bauconsulting\/neubau-kindertagesstaette-preussenstrasse\/","title":{"rendered":"Neubau Kindertagesst\u00e4tte Preu\u00dfenstra\u00dfe"},"content":{"rendered":"<div class=\"map-container-2\">\n<div id=\"div1\" class=\"layer\"><div class=\"leaflet-map WPLeafletMap\" style=\"height:200px; width:100%;\"><\/div><script>\nwindow.WPLeafletMapPlugin = window.WPLeafletMapPlugin || [];\nwindow.WPLeafletMapPlugin.push(function WPLeafletMapShortcode() {\/*<script>*\/\nvar baseUrl = atob('aHR0cHM6Ly97c30udGlsZS5vcGVuc3RyZWV0bWFwLm9yZy97en0ve3h9L3t5fS5wbmc=');\nvar base = (!baseUrl && window.MQ) ?\n    window.MQ.mapLayer() : L.tileLayer(baseUrl,\n        L.Util.extend({}, {\n            detectRetina: 0,\n        },\n        {\"subdomains\":\"abc\",\"noWrap\":false,\"maxZoom\":18}        )\n    );\n    var options = L.Util.extend({}, {\n        layers: [base],\n        attributionControl: false\n    },\n    {\"zoomControl\":true,\"scrollWheelZoom\":true,\"doubleClickZoom\":false,\"fitBounds\":false,\"minZoom\":0,\"maxZoom\":18,\"maxBounds\":null,\"attribution\":\"<a href=\\\"http:\\\/\\\/leafletjs.com\\\" title=\\\"Eine Javascript-Bibliothek f\\u00fcr interaktive Karten\\\" target=\\\"_blank\\\">Leaflet<\\\/a> \\u00a9 <a href=\\\"http:\\\/\\\/www.openstreetmap.org\\\/copyright\\\" target=\\\"_blank\\\">OpenStreetMap<\\\/a> contributors\"},\n    {});\nwindow.WPLeafletMapPlugin.createMap(options).setView([49.23766,7.00963],12);});<\/script><script>\nwindow.WPLeafletMapPlugin = window.WPLeafletMapPlugin || [];\nwindow.WPLeafletMapPlugin.push(function WPLeafletMarkerShortcode() {\/*<script>*\/\nvar map = window.WPLeafletMapPlugin.getCurrentMap();\nvar group = window.WPLeafletMapPlugin.getCurrentGroup();\nvar marker_options = window.WPLeafletMapPlugin.getIconOptions({});\nvar marker = L.marker(\n    [0,0],\n    marker_options\n);\nvar is_image = map.is_image_map;\n    marker.setLatLng( map.getCenter() );\nif (marker_options.draggable) {\n    marker.on('dragend', function () {\n        var latlng = this.getLatLng();\n        var lat = latlng.lat;\n        var lng = latlng.lng;\n        if (is_image) {\n            console.log('leaflet-marker y=' + lat + ' x=' + lng);\n        } else {\n            console.log('leaflet-marker lat=' + lat + ' lng=' + lng);\n        }\n    });\n}\nmarker.addTo( group );\nmarker.bindPopup(window.WPLeafletMapPlugin.unescape('Neubau Kindertagesst\u00e4tte Preu\u00dfenstra\u00dfe, Preu\u00dfenstra\u00dfe 3,  66111 Saarbr\u00fccken')).openPopup();window.WPLeafletMapPlugin.markers.push( marker );\n        });<\/script><\/div>\n<div id=\"div2\" class=\"layer\">\n<div>Zustimmung der Nutzungsbedingungen von OpenStreetMap erforderlich !<br \/>Siehe auch unsere <a href=\"https:\/\/www.detlev-kostka.de\/plansmart-bauconsulting\/datenschutzerklaerung\/\" target=\"blank\">Datenschutzerkl\u00e4rung<\/a> .<\/div>\n<\/div>\n<\/div>\n<p><label><input type=\"checkbox\" id=\"toggleOrder\"> <small>Nutzungsbedingungen von OpenStreetMap zustimmen. <a href=\"https:\/\/www.openstreetmap.org\/?mlat=49.23766&#038;mlon=7.00963&#038;zoom=12#map=16\/49.23766\/7.00963\" target=\"blank\">Karte verg\u00f6\u00dfern<\/a><\/small><\/label><br \/>\n<div class=\"su-row\">\n<div class=\"su-column su-column-size-2-5\"><div class=\"su-column-inner su-u-clearfix su-u-trim\">\n<a title=\"Neubau Kindertagesst\u00e4tte Preu\u00dfenstra\u00dfe\" href=\"https:\/\/www.detlev-kostka.de\/plansmart-bauconsulting\/wp-content\/uploads\/2026\/06\/2026_Kita_Preussenstrasse_660px.jpg\"><img decoding=\"async\" style=\"padding: 4px; border: 1px solid #cccccc; margin-right: 10px; float: left;\" src=\"https:\/\/www.detlev-kostka.de\/plansmart-bauconsulting\/wp-content\/uploads\/2026\/06\/2026_Kita_Preussenstrasse_660px.jpg\" alt=\"Neubau Kindertagesst\u00e4tte Preu\u00dfenstra\u00dfe\" width=\"300\"><\/a><br \/>\n<\/div><\/div>\n<div class=\"su-column su-column-size-3-5\"><div class=\"su-column-inner su-u-clearfix su-u-trim\">\n<b>Neubau Kindertagesst\u00e4tte Preu\u00dfenstra\u00dfe<br \/>\nmit 6 Gruppen f\u00fcr 122 Kinder in Holzmodulbauweise<\/b><br \/>\nPreu\u00dfenstra\u00dfe 3, 66111 Saarbr\u00fccken<br \/>\n<b><div class=\"su-divider su-divider-style-default\" style=\"margin:10px 0;border-width:1px;border-color:#999999\"><a href=\"#\" style=\"color:#000000\">Projektinfos<\/a><\/div><\/b><br \/>\nProjektleitung : Dipl. Ing. Detlev Kostka &#8211; GMS6<br \/>\nBauherr : GMS &#8211; Landeshauptstadt Saarbr\u00fccken<br \/>\nJahr Planung \/ Bauantrag : 2023 \/ 2025<br \/>\nJahr der Bauausf\u00fchrung : 2027 (geplant)<br \/>\nBrutto-Baukosten DIN 276 (KG 300-500) : 6.628 TEUR<br \/>\n<\/div><\/div><\/div>\n<b><div class=\"su-divider su-divider-style-default\" style=\"margin:10px 0;border-width:1px;border-color:#999999\"><a href=\"#\" style=\"color:#000000\">Planungsbeteiligte<\/a><\/div><\/b><br \/>\nArchitekt: Architekturb\u00fcro Peter Heinz, Tholey<br \/>\nHaustechnik: W+P Ingenieure GmbH, Illingen<br \/>\nFreianlagen: GDLA &#8211; Gornik Denkel Landschaftsarchitektur, 69120 Heidelberg<br \/>\nTragwerk\/W\u00e4rmeschutz: RIZ Ingenieurb\u00fcro f\u00fcr Bauwesen, Wiesbaden<br \/>\nBrandschutz: B\u00e4uerle-Architekten, Saarbr\u00fccken<\/p>\n<p><b><div class=\"su-divider su-divider-style-default\" style=\"margin:10px 0;border-width:1px;border-color:#999999\"><a href=\"#\" style=\"color:#000000\">Projektbeschreibung<\/a><\/div><\/b><br \/>\n<span class=\"su-dropcap su-dropcap-style-default\" style=\"font-size:1em\">N<\/span>Neubau einer Kindertagesst\u00e4tte mit 6 Gruppen f\u00fcr 122 Kinder in Saarbr\u00fccken, Stadtteil St. Johann. Die Stadt Saarbr\u00fccken rechnet in den kommenden Jahren mit einem erh\u00f6hten Bedarf im Kindergarten- und Krippenbereich. Aus diesem Grund beabsichtigt die Landeshauptstadt Saarbr\u00fccken auf einer Fl\u00e4che im Stadtteil St. Johann eine neue Kindertagesst\u00e4tte zu errichten. Vorgesehen ist hierbei der Bau einer Kindertagesst\u00e4tte mit insgesamt sechs Gruppen, aufgeteilt in zwei Krippengruppen (U3) und vier Kindergartengruppen (\u00dc3). Das Geb\u00e4ude ist geplant und soll entsteht in Holz-Modulbauweise. Lediglich die Bodenplatte, Fundamente und einzelne statisch notwendige Elemente wie z.b. der Aufzugsschacht werden in Stahlbeton ausgef\u00fchrt. <\/p>\n<p><b><div class=\"su-divider su-divider-style-default\" style=\"margin:10px 0;border-width:1px;border-color:#999999\"><a href=\"#\" style=\"color:#000000\">Die Baubeschreibung<\/a><\/div><\/b><br \/>\n<div class=\"su-accordion su-u-trim\">\n<div class=\"su-spoiler su-spoiler-style-fancy su-spoiler-icon-plus su-spoiler-closed\" data-scroll-offset=\"0\" data-anchor-in-url=\"no\"><div class=\"su-spoiler-title\" tabindex=\"0\" role=\"button\"><span class=\"su-spoiler-icon\"><\/span>KG 300: Bauwerk - Holzmodulbauweise<\/div><div class=\"su-spoiler-content su-u-clearfix su-u-trim\"><small>Die Landeshauptstadt Saarbr\u00fccken plant im Stadtteil St. Johann den Neubau einer 6-gruppigen Kindertagesst\u00e4tte, um dem steigenden Bedarf an Kindergarten- und Krippenpl\u00e4tzen gerecht zu werden. Vorgesehen sind zwei Krippengruppen und vier Kindergartengruppen. Das Geb\u00e4ude wird \u00fcberwiegend in modularer Holzbauweise errichtet. Lediglich die Bodenplatte, Fundamente sowie einzelne statisch erforderliche Bauteile (z. B. Aufzugsschacht) werden in Stahlbeton ausgef\u00fchrt. Der Standort befindet sich an der Preu\u00dfenstra\u00dfe Nord auf H\u00f6he der Feuerwache 1. Die Erschlie\u00dfung erfolgt direkt \u00fcber die Preu\u00dfenstra\u00dfe. Die erforderlichen Stellpl\u00e4tze sowie der Hol- und Bring-Verkehr werden auf dem Grundst\u00fcck organisiert, sodass keine zus\u00e4tzliche Feuerwehrzufahrt erforderlich ist. Im Zuge des Projekts werden au\u00dferdem ein neuer Gehweg zwischen der Kita und der Einm\u00fcndung Martin-Luther-Stra\u00dfe sowie eine Querungshilfe auf H\u00f6he der Kindertagesst\u00e4tte hergestellt (\u00d6ffentliche und nicht \u00f6ffentliche Erschlie\u00dfung ist n.z.). Die Kindertagesst\u00e4tte wird als zweigeschossiges Geb\u00e4ude in nachhaltiger Holzmodulbauweise errichtet. Im Erdgeschoss befinden sich zwei Krippengruppen mit den erforderlichen Nebenr\u00e4umen (Wickel-, Schlaf- und Abstellr\u00e4ume) sowie ein Mehrzweckraum, Hausmeisterraum (n.z.) und weitere Abstellfl\u00e4chen. Die zentralen Funktionsbereiche wie Leitungsb\u00fcro, K\u00fcche, Sp\u00fclk\u00fcche (n.z.), Essraum, Lager- und Technikr\u00e4ume sind im mittleren Bereich und zur Preu\u00dfenstra\u00dfe hin angeordnet. Ein innenliegender Hof stellt ein besonderes architektonisches Gestaltungselement auf Wunsch des Bauherrn dar. Im Obergeschoss sind vier Kindergartengruppen mit zugeh\u00f6rigen Sanit\u00e4r-, F\u00f6rder- und Abstellr\u00e4umen untergebracht. Erg\u00e4nzend befinden sich dort ein Wickelraum, weitere F\u00f6rder- und Aufenthaltsr\u00e4ume, ein Elternraum sowie Technikfl\u00e4chen. Der Flurbereich wird durch Garderoben, feste Einbauten und eine Leseecke\/F\u00f6rderraum mit Bezug zum Innenhof gegliedert. Die Erschlie\u00dfung und Rettungswege des Obergeschosses erfolgen \u00fcber zwei Au\u00dfentreppen; eine davon dient zugleich als Zugang zum Au\u00dfen- und Spielgel\u00e4nde \u00fcber einen Laubengang. Das Geb\u00e4ude erreicht eine Attikah\u00f6he von rund 8,40 m. Die Dachfl\u00e4che wird zu etwa 60 % mit Photovoltaikanlagen (n.z.) belegt, w\u00e4hrend die \u00fcbrigen Bereiche als extensives Gr\u00fcndach (Vorgabe der LHS) sowie f\u00fcr haustechnische Anlagen genutzt werden.<br \/>\n<\/small><\/div><\/div>\n<div class=\"su-spoiler su-spoiler-style-fancy su-spoiler-icon-plus su-spoiler-closed\" data-scroll-offset=\"0\" data-anchor-in-url=\"no\"><div class=\"su-spoiler-title\" tabindex=\"0\" role=\"button\"><span class=\"su-spoiler-icon\"><\/span>KG 400: Bauwerk - Technische Anlagen<\/div><div class=\"su-spoiler-content su-u-clearfix su-u-trim\"><small>Die Technische Geb\u00e4udeausr\u00fcstung der Kita umfasst energieeffiziente Sanit\u00e4r-, Heizungs-, L\u00fcftungs-, Elektround Sicherheitsanlagen.  Die W\u00e4rme- und K\u00e4lteversorgung erfolgt \u00fcber eine W\u00e4rmepumpe mit Fu\u00dfbodenheizung und kontrollierter L\u00fcftung mit W\u00e4rmer\u00fcckgewinnung. Auf dem Dach wird eine Photovoltaikanlage mit 44 kWp installiert. Zur Ausstattung geh\u00f6ren au\u00dferdem eine Elektro- und Beleuchtungsanlagen, Brand- und Einbruchschutzsysteme (n.z.), ein Aufzug sowie eine zentrale Geb\u00e4udeautomation zur Steuerung und \u00dcberwachung der technischen Anlagen. Insgesamt ist das Konzept auf Nachhaltigkeit, Energieeffizienz und Nutzerkomfort auf Wunsch des Bauherrn ausgerichtet.<br \/>\n<\/small><\/div><\/div>\n<div class=\"su-spoiler su-spoiler-style-fancy su-spoiler-icon-plus su-spoiler-closed\" data-scroll-offset=\"0\" data-anchor-in-url=\"no\"><div class=\"su-spoiler-title\" tabindex=\"0\" role=\"button\"><span class=\"su-spoiler-icon\"><\/span>KG 500: Au\u00dfenanlagen<\/div><div class=\"su-spoiler-content su-u-clearfix su-u-trim\"><small><br \/>\nZiel ist die Schaffung eines multifunktionalen Au\u00dfenraums, der den allt\u00e4glichen Anforderungen eines Kindergartens entspricht und den Kindern naturnahe Spielm\u00f6glichkeiten im Freien bietet. Die Gestaltung orientiert sich an \u00f6kologischen und klimatischen Anforderungen.  Die Planung umfasst einen Vorplatz am Haupteingang sowie einen Anlieferbereich am s\u00fcdlich gelegenen Nebeneingang. Die Spielbereiche sind<br \/>\nentsprechend der unterschiedlichen Altersgruppen gestaltet und bieten vielf\u00e4ltige Bewegungsm\u00f6glichkeiten in einer naturnahen Umgebung. Ein Pflegeweg gew\u00e4hrleistet die Wartung und Pflege der Spielfl\u00e4chen. Der gesamte Spielbereich ist mit einem Zaun eingefasst und durch kleine Tore zug\u00e4nglich, sodass ein hohes Ma\u00df an Sicherheit und \u00dcbersichtlichkeit gew\u00e4hrleistet ist. Das bestehende Gel\u00e4ndeprofil wird in die Gestaltung integriert, sodass die vorhandenen H\u00f6henunterschiede erlebbar bleiben. Die Bestandsb\u00e4ume werden erhalten und in das Freiraumkonzept eingebunden. Die Au\u00dfenanlagen sind durch eine hohe Vielfalt an Gr\u00fcnstrukturen gepr\u00e4gt: 20 neu gepflanzte B\u00e4ume dienen als Schattenspender. Erg\u00e4nzt wird das Pflanzkonzept durch eine Auswahl an Gro\u00df- und Kleingeh\u00f6lzen, bodendeckenden Pflanzen, Rasenfl\u00e4chen sowie farbenfrohen Stauden, die gemeinsam eine nat\u00fcrliche und kindgerechte Aufenthaltsqualit\u00e4t schaffen.<br \/>\nTerrassenbereich &#8211; Der Ankommensbereich am Haupteingang umfasst einen Eingangsplatz mit Aufenthaltsqualit\u00e4t und Sitzm\u00f6glichkeiten. Es werden insgesamt sieben Kfz-Stellpl\u00e4tze vorgesehen, darunter ein barrierefreier Stellplatz, sowie sechs Fahrradabstellpl\u00e4tze. Die Wegef\u00fchrung ist durchg\u00e4ngig barrierefrei und f\u00fcr Rollst\u00fchle sowie Kinderwagen geeignet. Die Anlieferung sowie die M\u00fcllentsorgung erfolgen \u00fcber den s\u00fcdlich gelegenen Nebeneingang und sind somit klar vom Hauptverkehrsfluss getrennt.<br \/>\nKrippenbereich &#8211; Der Bereich f\u00fcr Kinder unter drei Jahren legt besonderen Wert auf Sicherheit und fr\u00fchkindliche F\u00f6rderung. Angeboten werden ein Sandspielbereich mit Sonnenschutz, eine Nestschaukel, eine Hangrutsche, ein Weidentipi sowie ein Kriechtunnel. Diese Elemente f\u00f6rdern erste Bewegungserfahrungen und kreatives Spiel in gesch\u00fctztem Rahmen.<br \/>\nKindergartenbereich &#8211; Der Spielbereich f\u00fcr Kinder \u00fcber drei Jahre ist abwechslungsreich und herausfordernd gestaltet. Zur Ausstattung geh\u00f6ren ein Kletterger\u00fcst, Schaukeln, eine Rutsche, ein Spielh\u00e4uschen, ein Weidentipi, eine Bergsteigerrampe sowie eine durchgehende Fahrbahn. Diese Elemente bieten den Kindern vielf\u00e4ltige M\u00f6glichkeiten zum Klettern, Entdecken und gemeinsamen Spielen.<br \/>\n<\/small><\/div><\/div>\n<\/div>\n<p><!---\n<b>[su_divider top=\"yes\" text=\"Die Baubeschreibung\" anchor=\"\" style=\"default\" divider_color=\"#999999\" link_color=\"#000000\" size=\"1\" margin=\"10\" class=\"\"]<\/b>\n[su_accordion]\n[su_spoiler title=\"Hochbau - Holzmodulbauweise\" open=\"no\" style=\"fancy\"]<small>Der Neubau wird als zweigeschossiger Kindergarten mit einer Gesamtl\u00e4nge von ca. 30m und einer Tiefe von ca. 25m geplant. Im Erdgeschoss sind auf der stra\u00dfenabgewandten Seite zwei Krippenr\u00e4ume mit zugeh\u00f6rigen Wickel-, Schlaf- und Abstellbereichen sowie ein Mehrzweckraum, ein Abstellraum und ein Hausmeisterraum angeordnet. Im mittleren Bereich sowie an der Vorderseite zur Preu\u00dfenstra\u00dfe befinden sich neben dem Leitungsb\u00fcro und Sanit\u00e4rr\u00e4umen auch zentrale Funktionsbereiche wie K\u00fcche, Sp\u00fclk\u00fcche, Speisesaal, Lagerfl\u00e4chen und Technikr\u00e4ume. Der Flurbereich wird durch Garderoben und fest integrierte Einbauten gegliedert. Ein Innenhof bildet zudem ein architektonisches Highlight. Im Obergeschoss sind auf der R\u00fcckseite sowie im mittleren Bereich vier Gruppenr\u00e4ume f\u00fcr den Kindergarten angeordnet, erg\u00e4nzt durch Abstell-, F\u00f6rder- und Sanit\u00e4rr\u00e4ume. An der Vorderseite befinden sich ein Wickelraum, weitere F\u00f6rder- und Aufenthaltsr\u00e4ume einschlie\u00dflich eines Elternraums sowie eine Technikfl\u00e4che. Der Flurbereich wird durch Garderoben, feste Einbauten und eine integrierte Leseecke, welche einen Bezug zum Innenhof hat, strukturiert. Das Obergeschoss verf\u00fcgt \u00fcber zwei Au\u00dfentreppen als Fluchtwege, von denen eine zugleich \u00fcber den Laubengang auch der Erschlie\u00dfung zum Au\u00dfen- und Spielgel\u00e4nde dient. Mit der Holzmodulbauweise wird auf eine Bauart gesetzt, welche \u00f6kologisch, nachhaltig und dauerhaft wertbest\u00e4ndig ist. Die Attikah\u00f6he des Geb\u00e4udes betr\u00e4gt umlaufend ca. 8,40m. Die nutzbare Nettodachfl\u00e4che wird zu 60 % mit Photovoltaikanlagen best\u00fcckt, w\u00e4hrend die verbleibenden Bereiche als extensives Gr\u00fcndach sowie Fl\u00e4chen f\u00fcr die Haustechnik ausgebildet sind. Weiterer positiver Nebeneffekt: Der direkte Abfluss von Regenwasser wird zumindest bis zur voll ges\u00e4ttigten Begr\u00fcnung, verringert und entlastet somit das Abwassersystem\/Regenwassersystem. Die Dachhaut wird vor Wettereinwirkungen gesch\u00fctzt, ihre Lebensdauer erh\u00f6ht sich wesentlich. Die Photovoltaikfl\u00e4chen tragen zus\u00e4tzlich zur regenerativen Energiegewinnung bei und steigern die Gesamtenergieeffizienz des Geb\u00e4udes. Die Fassadengestaltung erfolgt durch vertikal angeordnete Holzlamellen, die auch als gestalterisches Element dienen. \n<\/small>[\/su_spoiler]\n[su_spoiler title=\"Behindertengerechte Erschlie\u00dfung\" open=\"no\" style=\"fancy\"]<small>Auf der linken Seite, von der Preu\u00dfenstra\u00dfe aus kommend, befindet sich der Haupteingang sowie ein Nebeneingang, der die Spielfl\u00e4che erschlie\u00dft. Auf der rechten Seite ist ein separater Eingang f\u00fcr die Anlieferung der K\u00fcche sowie ein weiterer Ausgang auf die Spielfl\u00e4che vorgesehen. Das Obergeschoss ist \u00fcber eine innenliegende Treppe erschlossen. Zus\u00e4tzlich stehen zwei au\u00dfenliegende Treppen, jeweils eine auf jeder Geb\u00e4udeseite, zur Verf\u00fcgung. Eine davon dient \u00fcber den Laubengang dem direkten Zugang zu den Spielfl\u00e4chen. Die weitere Au\u00dfentreppe auf der rechten Geb\u00e4udeseite dient als zweiter Rettungsweg. Das Geb\u00e4ude verf\u00fcgt \u00fcber eine stufenlose Erschlie\u00dfung und ist mit einem Aufzug ausgestattet. Im Erdgeschoss befindet sich zudem ein barrierefreies WC. \n<\/small>[\/su_spoiler]\n[su_spoiler title=\"Baulicher Brandschutz\" open=\"no\" style=\"fancy\"]<small>Das Brandschutzkonzept ber\u00fccksichtigt die Vorgaben der Landesbauordnung Saarland (LBO) sowie den Hinweis f\u00fcr bauordnungsrechtliche Anforderungen an Tageseinrichtungen f\u00fcr Kinder (HwKita). Der Neubau der Kindertagesst\u00e4tte Preu\u00dfenstra\u00dfe ist als zweigeschossiger Sonderbau der Geb\u00e4udeklasse 3 eingestuft und in 11 Brandabschnitte gegliedert. S\u00e4mtliche Trennw\u00e4nde zwischen Nutzungseinheiten werden feuerhemmend (F30) ausgef\u00fchrt. Jede Nutzungseinheit verf\u00fcgt \u00fcber zwei unabh\u00e4ngige bauliche Rettungswege \u2013 im Erdgeschoss ebenerdig ins Freie, im Obergeschoss \u00fcber einen Laubengang mit notwendiger Au\u00dfentreppe sowie einem notwendigen Treppenraum mit Aufzug. Die Flure k\u00f6nnen gem\u00e4\u00df HwKita als Spielflure genutzt werden, da alle R\u00e4ume \u00fcber eigene Ausg\u00e4nge ins Freie oder zu notwendigen Treppen verf\u00fcgen. Das Geb\u00e4ude erh\u00e4lt eine Brandwarnanlage, Rauch- und W\u00e4rmeabzugs\u00f6ffnungen im Bereich des Treppenraums sowie eine Sicherheitsbeleuchtung. Die Tragkonstruktion besteht aus einer massiven Holzmodulbauweise mit nichtbrennbarer D\u00e4mmung und brandschutztechnisch gesicherten Fassadenelementen. Oberstes Schutzziel ist die schnelle und sichere Evakuierung der Kinder durch das Personal im Gefahrenfall. Das Brandschutzkonzept gew\u00e4hrleistet die Einhaltung aller erforderlichen Schutzziele. \n<\/small>[\/su_spoiler]\n[su_spoiler title=\"W\u00e4rmeschutz\" open=\"no\" style=\"fancy\"]<small>Der W\u00e4rmeschutznachweis wurde gem\u00e4\u00df den Anforderungen des Geb\u00e4udeenergiegesetzes (GEG 2020) gef\u00fchrt. Der Neubau der Kindertagesst\u00e4tte verf\u00fcgt \u00fcber eine hochged\u00e4mmte Geb\u00e4udeh\u00fclle in Holzmodulbauweise, die die energetischen Anforderungen an moderne Bildungsbauten deutlich erf\u00fcllt. Zur Minimierung von W\u00e4rmeverlusten ist die Geb\u00e4udeh\u00fclle w\u00e4rmebr\u00fcckenoptimiert ausgef\u00fchrt. Fenster und Fassadenelemente sind energetisch aufeinander abgestimmt und tragen zu einem ausgewogenen Verh\u00e4ltnis zwischen Tageslichtnutzung und Energieeffizienz bei. Der sommerliche W\u00e4rmeschutz ist durch geeignete Verschattungselemente, bauliche \u00dcberdachungen sowie eine gezielte Nachtl\u00fcftung gew\u00e4hrleistet. Damit wird ein angenehmes Raumklima auch in den w\u00e4rmeren Monaten sichergestellt. Das Gesamtkonzept der Haustechnik und W\u00e4rmeerzeugung wird in einem separaten Kapitel beschriebenen. \n<\/small>[\/su_spoiler]\n[su_spoiler title=\"L\u00e4rmschutz \/ Schallschutz \/ Raumakustik\" open=\"no\" style=\"fancy\"]<small>Im Au\u00dfenspielbereich werden Beurteilungspegel von ca. 60 dB(A) erreicht. Da eine aktive Schallschutzl\u00f6sung aufgrund der Dammlage der Bahnstrecke nicht realisierbar ist, sind passive Ma\u00dfnahmen erforderlich. Dazu z\u00e4hlen eine erh\u00f6hte Schalld\u00e4mmung der Au\u00dfenbauteile sowie schallged\u00e4mmte L\u00fcftungseinrichtungen in Schlafr\u00e4umen. L\u00fcftungsanlagen stellen unabh\u00e4ngig davon eine ausreichende Luftqualit\u00e4t bei geschlossenen Fenstern sicher.  Das Geb\u00e4ude wurde unter besonderer Ber\u00fccksichtigung der Anforderungen an Schallschutz und Raumakustik f\u00fcr eine Kindertagesst\u00e4tte geplant. Ziel ist eine ruhige und angenehme Lern- und Spielumgebung, die der altersgerechten Nutzung entspricht und die Sprachverst\u00e4ndlichkeit in den Gruppenr\u00e4umen f\u00f6rdert. Die Holzmodulbauweise mit mehrschichtigen Wand- und Deckenelementen gew\u00e4hrleistet einen guten Schallschutz zwischen den Nutzungseinheiten. Innenw\u00e4nde in Trockenbauweise sind mit schallabsorbierender D\u00e4mmung ausgef\u00fchrt, um die Schall\u00fcbertragung zwischen R\u00e4umen zu minimieren. Zur Verbesserung der Raumakustik werden in Gruppen- und Mehrzweckr\u00e4umen akustisch wirksame Deckenverkleidungen (Loch- oder Rasterdecken) eingesetzt. Erg\u00e4nzend tragen ausgew\u00e4hlte M\u00f6beloberfl\u00e4chen und textile Elemente zur D\u00e4mpfung des Raumschalls bei. \nDurch die Kombination aus konstruktivem Schallschutz, raumakustischer Gestaltung und abgestimmter Materialwahl wird eine angenehme und l\u00e4rmarme Umgebung geschaffen, die den p\u00e4dagogischen Anforderungen einer Kindertagesst\u00e4tte entspricht. \n<\/small>[\/su_spoiler]\n[su_spoiler title=\"Abwasseranlagen \/ Wasseranlagen\" open=\"no\" style=\"fancy\"]<small>F\u00fcr die Abwasserentsorgung ist eine Rohrf\u00fchrung geplant, die kurze Flie\u00dfwege und eine optimale Bel\u00fcftung der Fallstr\u00e4nge sicherstellt. Die Dimensionierung der Schmutzwasserleitungen erfolgt nach dem System I gem\u00e4\u00df DIN EN 12056-2 sowie DIN 1986-100. Der Anschluss der Schmutzwasserleitungen erfolgt an das \u00f6ffentliche Kanalnetz in der Preu\u00dfenstra\u00dfe. Entlang der Grundleitung sind drei Revisionssch\u00e4chte vorgesehen, die eine sichere Entw\u00e4sserung und zugleich eine gute M\u00f6glichkeit f\u00fcr Reinigung und Wartung bieten. Ein Fettabscheider wird au\u00dferhalb des Geb\u00e4udes installiert und an das Abwasser der Sp\u00fclk\u00fcche sowie an das K\u00fcchenabwasser angeschlossen. Das Sanit\u00e4rkonzept f\u00fcr den Neubau der Kindertagesst\u00e4tte in der Preu\u00dfenstra\u00dfe umfasst die Bereiche Trinkwasserversorgung, Warmwasserbereitung sowie die Abwasserentsorgung. Grundlage der Planung bilden die einschl\u00e4gigen Normen, insbesondere die DIN EN 12056-2 und die DIN 1986-100 f\u00fcr die Bemessung der Trinkwasserleitungen sowie die aktuellen Vorgaben zur Trinkwasserhygiene. \n<\/small>[\/su_spoiler]\n[su_spoiler title=\"W\u00e4rmeversorgung mit Luftw\u00e4rmepumpen\" open=\"no\" style=\"fancy\"]<small>F\u00fcr den Neubau des Kita Preu\u00dfenstrasse wird ein Heiz- und K\u00fchlsystem vorgesehen, das den heutigen Anforderungen an Energieeffizienz, Nachhaltigkeit und Komfort entspricht. Grundlage bildet eine W\u00e4rmepumpe, die sowohl den Heiz- als auch den K\u00fchlbetrieb \u00fcbernimmt und damit eine ganzj\u00e4hrige Nutzung erm\u00f6glicht.  Die W\u00e4rmepumpe wird auf dem Dach des Geb\u00e4udes aufgestellt und mit einer Heiz- und K\u00fchlleistung von 35 kW dimensioniert. Die W\u00e4rmepumpe wird aus zwei kaskadierten Au\u00dfeneinheiten bestehen. Jede dieser Einheiten hat die Abmessungen Breite 1000 mm, L\u00e4nge 1900 mm, H\u00f6he 2300 mm und ein Gewicht von etwa 881 kg. Die Auslegung erfolgte auf Basis der Temperaturen (A-7\/W35), wobei jede W\u00e4rmepumpe eine Leistung von ca. 18 kW bereitstellen kann. Die Auslegung erfolgte auf Grundlage der ermittelten Heizlastberechnung nach DIN EN 12831 des Geb\u00e4udes, sowie den Anschlussleistungen der dezentralen L\u00fcftungsger\u00e4ten berechnet wurde. Damit ist sie Anlage in der Lage, die erforderliche W\u00e4rmeleistung f\u00fcr den Winterbetrieb zuverl\u00e4ssig bereitzustellen und gleichzeitig in den Sommermonaten eine anteilige K\u00fchlung des Geb\u00e4udes zu gew\u00e4hrleisten. Die Verteilung der W\u00e4rme und K\u00e4lte erfolgt \u00fcber eine Fu\u00dfbodenheizung, die aufgrund ihres Niedertemperaturniveaus besonders gut mit der W\u00e4rmepumpe harmoniert. Diese Art der W\u00e4rme\u00fcbergabe erm\u00f6glicht einen energieeffizienten Betrieb, da die Vorlauftemperaturen niedrig gehalten werden k\u00f6nnen. Im K\u00fchlbetrieb kann die Fu\u00dfbodenheizung zudem als Fl\u00e4chenk\u00fchlung eingesetzt werden, wodurch ein behagliches Raumklima ohne Zugerscheinungen entsteht. \n<\/small>[\/su_spoiler]\n[su_spoiler title=\"L\u00fcftung mit dezentraler L\u00fcftungsanlage\" open=\"no\" style=\"fancy\"]<small>Die Gruppenr\u00e4ume, die F\u00f6rderr\u00e4ume (au\u00dfer einem F\u00f6rderraum im OG) und der Speiseraum werden jeweils mit dezentralen kompakten L\u00fcftungsger\u00e4ten (16 Ger\u00e4te) mit W\u00e4rmer\u00fcckgewinnung ausgestattet. Jedes Ger\u00e4t ist raumweise vorgesehen und erm\u00f6glicht somit eine unabh\u00e4ngige und bedarfsgerechte L\u00fcftung. Durch die Montage an der Decke und die direkte Anbindung an Au\u00dfen- und Fortluft \u00fcber die Fassade k\u00f6nnen Luftkan\u00e4le auf ein Minimum reduziert werden. Dies senkt Druckverluste, verringert den Energiebedarf und erh\u00f6ht die Betriebseffizienz. Die Regelung erfolgt individuell pro Raum, sodass sich sowohl die Luftqualit\u00e4t als auch der Energieeinsatz optimal an die Nutzung anpassen lassen. Zus\u00e4tzlich werden die Ger\u00e4te mit integrierten CO\u2082-Sensoren ausgestattet, die eine automatische Anpassung der Luftvolumenstr\u00f6me an die tats\u00e4chliche Raumbelegung erm\u00f6glichen. Die Wartung wird durch den direkten Zugang zu den Ger\u00e4ten im Deckenbereich zus\u00e4tzlich erleichtert. Die innenliegenden R\u00e4ume wie Sanit\u00e4rr\u00e4ume, K\u00fcche, Personalr\u00e4ume oder Abstellfl\u00e4chen werden \u00fcber Zwischendeckenger\u00e4te (6 Ger\u00e4te) mit Frischluft versorgt. Diese Ger\u00e4te sind mit einem Kanalsystem verbunden, das in abgeh\u00e4ngten Deckenbereichen gef\u00fchrt wird. \n<\/small>[\/su_spoiler]\n[su_spoiler title=\"Gr\u00fcndach und PV-Anlage\" open=\"no\" style=\"fancy\"]<small>F\u00fcr die KiTa ist eine PV-Anlagen auf dem Gr\u00fcn-Flachdach mit einer Gesamtleistung von 44 kWp geplant. Die Anlage ist in S\u00fcd-Ost Ausrichtung berechnet worden. Es sind 97 PV-Module geplant. Die ben\u00f6tigte Dachfl\u00e4che betr\u00e4gt ca. 193,8 m\u00b2. \n<\/small>[\/su_spoiler]\n[su_spoiler title=\"Elektrische Anlagen\" open=\"no\" style=\"fancy\"]<small>Sicherheitsstromversorgung - Das Konzept des Zentralbatteriesystems sieht eine Versorgung der angeschlossenen Sicherheitsleuchten und Rettungszeichenleuchte von einem zentralen Punkt aus vor. \nNiederspannungshauptverteilung - Das Geb\u00e4ude erh\u00e4lt eine Allgemeine Stromversorgung (AV) bestehend aus einer Niederspannungshauptverteilung (NSHV) mit Z\u00e4hlern. Die NSHV wird in einem Technikraum im Erdgeschoss vorgesehen. \nNiederspannungsverteilungen - Aufgrund der Leitungsl\u00e4ngen bei der horizontalen Erschlie\u00dfung des Geb\u00e4udes sind Unterverteilungen in den einzelnen Geschossen und Bereichen vorgesehen. Die Anbindung erfolgt sternf\u00f6rmig aus der Niederspannungshauptverteilung NSHV. \nAllgemeine Beleuchtung - Die gesamte Beleuchtungsanlage ist unter Beachtung der einschl\u00e4gigen arbeitsrechtlichen und technischen Richtlinien geplant und ausgelegt worden. \nNotbeleuchtung - Im Geb\u00e4ude ist eine Sicherheitsbeleuchtung nach DIN VDE 0108 f\u00fcr folgende Bereiche einzubauen: \nBlitzschutz- und Erdungsanlagen - Der Neubau erh\u00e4lt eine Blitzschutz- und Erdungsanlage nach DIN VDE 0185. Hierzu wird um das Geb\u00e4ude ein Ringerder verlegt. \nRWA-Analgen - Die notwendigen Treppenr\u00e4ume, erhalten RWA-Anlagen zur Rauchableitung. Die Steuerungsanlage beinhaltet die notwendige Zentrale mit Pufferbatterie, Ausl\u00f6se- und L\u00fcftertaster sowie die Wind-Regenw\u00e4chter zum Verschlie\u00dfen der \u00d6ffnungen im L\u00fcftungsfall. \nBrandmeldeanlagen (BMA) - Ein Brandmeldekonzept liegt bis heute (17.10.2025) nicht vor, daher wurde eine Brandmeldelage geplant, die auf die \u00f6rtliche Brandschutzstelle aufgeschaltet wird. Es sind fl\u00e4chendeckend vernetzte Rauchwarnmelder auch in den Zwischendecken geplant. \nDaten\u00fcbertragungsnetze - Als \u00dcbertragungsnetz f\u00fcr den internen Datenverkehr wird ein passives Datennetzwerk in strukturierter Verkabelung aufgebaut. Die strukturierte Verkabelung im Terti\u00e4rbereich wird \nso ausgelegt, dass diese den Anforderungen der Leistungsklasse EA Permanent Link gem\u00e4\u00df ISO\/IEC 11801 Amd.2 gen\u00fcgt. \nAufzugsanlage - F\u00fcr die barrierefreie Erschlie\u00dfung ist in dem Geb\u00e4ude ein behindertengerechter Aufzug geplant. \n<\/small>[\/su_spoiler]\n[su_spoiler title=\"Au\u00dfenanlagen\" open=\"no\" style=\"fancy\"]<small>\nZiel ist die Schaffung eines multifunktionalen Au\u00dfenraums, der den allt\u00e4glichen Anforderungen eines Kindergartens entspricht und den Kindern naturnahe Spielm\u00f6glichkeiten im Freien bietet. Die Gestaltung orientiert sich an \u00f6kologischen und klimatischen Anforderungen.  Die Planung umfasst einen Vorplatz am Haupteingang sowie einen Anlieferbereich am s\u00fcdlich gelegenen Nebeneingang. Die Spielbereiche sind \nentsprechend der unterschiedlichen Altersgruppen gestaltet und bieten vielf\u00e4ltige Bewegungsm\u00f6glichkeiten in einer naturnahen Umgebung. Ein Pflegeweg gew\u00e4hrleistet die Wartung und Pflege der Spielfl\u00e4chen. Der gesamte Spielbereich ist mit einem Zaun eingefasst und durch kleine Tore zug\u00e4nglich, sodass ein hohes Ma\u00df an Sicherheit und \u00dcbersichtlichkeit gew\u00e4hrleistet ist. Das bestehende Gel\u00e4ndeprofil wird in die Gestaltung integriert, sodass die vorhandenen H\u00f6henunterschiede erlebbar bleiben. Die Bestandsb\u00e4ume werden erhalten und in das Freiraumkonzept eingebunden. Die Au\u00dfenanlagen sind durch eine hohe Vielfalt an Gr\u00fcnstrukturen gepr\u00e4gt: 20 neu gepflanzte B\u00e4ume dienen als Schattenspender. Erg\u00e4nzt wird das Pflanzkonzept durch eine Auswahl an Gro\u00df- und Kleingeh\u00f6lzen, bodendeckenden Pflanzen, Rasenfl\u00e4chen sowie farbenfrohen Stauden, die gemeinsam eine nat\u00fcrliche und kindgerechte Aufenthaltsqualit\u00e4t schaffen. \nTerrassenbereich - Der Ankommensbereich am Haupteingang umfasst einen Eingangsplatz mit Aufenthaltsqualit\u00e4t und Sitzm\u00f6glichkeiten. Es werden insgesamt sieben Kfz-Stellpl\u00e4tze vorgesehen, darunter ein barrierefreier Stellplatz, sowie sechs Fahrradabstellpl\u00e4tze. Die Wegef\u00fchrung ist durchg\u00e4ngig barrierefrei und f\u00fcr Rollst\u00fchle sowie Kinderwagen geeignet. Die Anlieferung sowie die M\u00fcllentsorgung erfolgen \u00fcber den s\u00fcdlich gelegenen Nebeneingang und sind somit klar vom Hauptverkehrsfluss getrennt. \nKrippenbereich - Der Bereich f\u00fcr Kinder unter drei Jahren legt besonderen Wert auf Sicherheit und fr\u00fchkindliche F\u00f6rderung. Angeboten werden ein Sandspielbereich mit Sonnenschutz, eine Nestschaukel, eine Hangrutsche, ein Weidentipi sowie ein Kriechtunnel. Diese Elemente f\u00f6rdern erste Bewegungserfahrungen und kreatives Spiel in gesch\u00fctztem Rahmen. \nKindergartenbereich - Der Spielbereich f\u00fcr Kinder \u00fcber drei Jahre ist abwechslungsreich und herausfordernd gestaltet. Zur Ausstattung geh\u00f6ren ein Kletterger\u00fcst, Schaukeln, eine Rutsche, ein Spielh\u00e4uschen, ein Weidentipi, eine Bergsteigerrampe sowie eine durchgehende Fahrbahn. Diese Elemente bieten den Kindern vielf\u00e4ltige M\u00f6glichkeiten zum Klettern, Entdecken und gemeinsamen Spielen. \n<\/small>[\/su_spoiler]\n[\/su_accordion] ---><\/p>\n<p><b><div class=\"su-divider su-divider-style-default\" style=\"margin:10px 0;border-width:1px;border-color:#999999\"><a href=\"#\" style=\"color:#000000\">Bildergalerie - Grundst\u00fccksbestand<\/a><\/div><\/b><br \/>\n<b>Bilder vom Baugrundst\u00fcck in Maps<\/b><br \/>\n<small>Screenshots vom noch unbebauten Baugrundst\u00fcck zwischen Preu\u00dfenstra\u00dfe und Bahndamm. Die Entwicklung von 2017 bis 2026. \u00a9 Projektleitung<\/small><br \/>\nngg_shortcode_0_placeholder\n<p><b><div class=\"su-divider su-divider-style-default\" style=\"margin:10px 0;border-width:1px;border-color:#999999\"><a href=\"#\" style=\"color:#000000\">Bildergalerie - Grundst\u00fccksbestand<\/a><\/div><\/b><br \/>\n<b>Bilder vom Grundst\u00fccksbestand<\/b><br \/>\n<small>Panoramaaufnahmen vom noch unbebauten Baugrundst\u00fcck zwischen Preu\u00dfenstra\u00dfe und Bahndamm. Zwischenzeitlich wurde das Baugrundst\u00fcck als BE-Fl\u00e4che f\u00fcr Schallschutzma\u00dfnahmen am Bahndamm der DB zur Verf\u00fcgung gestellt. \u00a9 Projektleitung<\/small><br \/>\nngg_shortcode_1_placeholder\n<p><b><div class=\"su-divider su-divider-style-default\" style=\"margin:10px 0;border-width:1px;border-color:#999999\"><a href=\"#\" style=\"color:#000000\">Bildergalerie - Visualisierung<\/a><\/div><\/b><br \/>\n<b>Visualisierungbilder vom Geb\u00e4udeentwurf<\/b><br \/>\n<small>Die Visualisierungen der Ansichten und Grundrisse basieren auf dem 3D-Geb\u00e4udemodell des Architekten. \u00a9 Projektleitung<\/small><br \/>\nngg_shortcode_2_placeholder\n<p><b><div class=\"su-divider su-divider-style-default\" style=\"margin:10px 0;border-width:1px;border-color:#999999\"><a href=\"#\" style=\"color:#000000\">Bildergalerie - 3D-Planung<\/a><\/div><\/b><br \/>\n<b>Bildergalerie &#8211; 3D-Planung<\/b><br \/>\n<small>Die Visualisierungen der Grundrisse, Schnitte und Ansichten basieren auf dem 3D-Geb\u00e4udemodell des Architekten. \u00a9 Projektleitung<\/small><br \/>\nngg_shortcode_3_placeholder\n<p><b><div class=\"su-divider su-divider-style-default\" style=\"margin:10px 0;border-width:1px;border-color:#999999\"><a href=\"#\" style=\"color:#000000\">Bildergalerie - BA-Planung<\/a><\/div><\/b><br \/>\n<b>Bildergalerie &#8211; Bauantrags-Planung<\/b><br \/>\n<small>Die Bauantragspl\u00e4ne mit Lagepl\u00e4nen, Grundrissen, Schnitten und Ansichten des Architekten. \u00a9 Architekt \/ Freianlagenplaner<\/small><br \/>\nngg_shortcode_4_placeholder\n<p><b><div class=\"su-divider su-divider-style-default\" style=\"margin:10px 0;border-width:1px;border-color:#999999\"><a href=\"#\" style=\"color:#000000\">Videogalerie - Entwurfsplanung<\/a><\/div><\/b><br \/>\n<b>Videogalerie &#8211; Entwurfs-Planung<\/b><br \/>\n<small>Ein animiertes Rendering des Entwurfs der Kita Preu\u00dfenstra\u00dfe. \u00a9 Projektleitung<\/small><\/p>\n<div style=\"padding: 4px; border: 1px solid #cccccc;\">\n<div id=\"video_wrapper\"><video id=\"body-video-background\" loop=\"loop\" muted=\"muted\" autoplay=\"true\" poster=\"\" volume=\"0\"><source src=\"https:\/\/www.detlev-kostka.de\/plansmart-bauconsulting\/wp-content\/uploads\/2026\/08\/Kita-Preussenstrasse.mp4\" type=\"video\/mp4\"><\/video><\/div>\n<\/div>\n<p><small>Link zum Video im Fullscreen: <a href=\"https:\/\/www.detlev-kostka.de\/plansmart-bauconsulting\/wp-content\/uploads\/2026\/08\/Kita-Preussenstrasse.mp4\" target=\"blank\">Video verg\u00f6\u00dfern<\/a><\/small><\/p>\n<p><b><div class=\"su-divider su-divider-style-default\" style=\"margin:10px 0;border-width:1px;border-color:#999999\"><a href=\"#\" style=\"color:#000000\">Links<\/a><\/div><\/b><br \/>\n<div class=\"su-list\" style=\"margin-left:0px\">\n<ul>\n<li><i class=\"sui sui-file-text-o\" style=\"color:#333333\"><\/i> <small><a href=\"https:\/\/de.wikipedia.org\/wiki\/Saarbr\u00fccken\" rel=\"noopener\" target=\"_blank\">de.wikipedia.org<\/a> &#8211; Landeshauptstadt Saarbr\u00fccken<\/small><\/li>\n<\/ul>\n<\/div>\n<p><b><div class=\"su-divider su-divider-style-default\" style=\"margin:10px 0;border-width:1px;border-color:#999999\"><a href=\"#\" style=\"color:#000000\">Permalink als QR-Code<\/a><\/div><\/b><br \/>\n<span class=\"su-qrcode su-qrcode-align-left\"><a target=\"_blank\" title=\"Plansart-Bauconsulting.com\"><img decoding=\"async\" src=\"https:\/\/api.qrserver.com\/v1\/create-qr-code\/?data=https%3A%2F%2Fwww.detlev-kostka.de%2Fplansmart-bauconsulting%2Fneubau-kindertagesstaette-preussenstrasse%2F&amp;size=100x100&amp;format=png&amp;margin=5&amp;color=000000&amp;bgcolor=ffffff\" alt=\"Plansart-Bauconsulting.com\" \/><\/a><\/span>\n<b><div class=\"su-divider su-divider-style-default\" style=\"margin:25px 0;border-width:1px;border-color:#999999\"><a href=\"#\" style=\"color:#000000\">Nach oben<\/a><\/div><\/b><\/p>\n","protected":false},"excerpt":{"rendered":"<p>Zustimmung der Nutzungsbedingungen von OpenStreetMap erforderlich !Siehe auch unsere Datenschutzerkl\u00e4rung . Nutzungsbedingungen von OpenStreetMap zustimmen. Karte verg\u00f6\u00dfern Architekt: Architekturb\u00fcro Peter Heinz, Tholey Haustechnik: W+P Ingenieure GmbH, Illingen Freianlagen: GDLA &#8211;&hellip; <a class=\"excerpt-more-link\" href=\"https:\/\/www.detlev-kostka.de\/plansmart-bauconsulting\/neubau-kindertagesstaette-preussenstrasse\/\">Weiterlesen<\/a><\/p>\n","protected":false},"author":1,"featured_media":1748,"comment_status":"closed","ping_status":"closed","sticky":false,"template":"","format":"standard","meta":{"ngg_post_thumbnail":0,"footnotes":""},"categories":[35],"tags":[48,46,47,18,45],"class_list":["post-1746","post","type-post","status-publish","format-standard","has-post-thumbnail","hentry","category-schulbau","tag-holzmodulbau","tag-kindertagesstaette","tag-kita","tag-neubau","tag-saarbruecken"],"rttpg_featured_image_url":{"full":["https:\/\/www.detlev-kostka.de\/plansmart-bauconsulting\/wp-content\/uploads\/2026\/06\/2026_Kita_Preussenstrasse_660x150px.jpg",660,150,false],"landscape":["https:\/\/www.detlev-kostka.de\/plansmart-bauconsulting\/wp-content\/uploads\/2026\/06\/2026_Kita_Preussenstrasse_660x150px.jpg",660,150,false],"portraits":["https:\/\/www.detlev-kostka.de\/plansmart-bauconsulting\/wp-content\/uploads\/2026\/06\/2026_Kita_Preussenstrasse_660x150px.jpg",660,150,false],"thumbnail":["https:\/\/www.detlev-kostka.de\/plansmart-bauconsulting\/wp-content\/uploads\/2026\/06\/2026_Kita_Preussenstrasse_660x150px-150x150.jpg",150,150,true],"medium":["https:\/\/www.detlev-kostka.de\/plansmart-bauconsulting\/wp-content\/uploads\/2026\/06\/2026_Kita_Preussenstrasse_660x150px-300x68.jpg",300,68,true],"large":["https:\/\/www.detlev-kostka.de\/plansmart-bauconsulting\/wp-content\/uploads\/2026\/06\/2026_Kita_Preussenstrasse_660x150px.jpg",660,150,false],"1536x1536":["https:\/\/www.detlev-kostka.de\/plansmart-bauconsulting\/wp-content\/uploads\/2026\/06\/2026_Kita_Preussenstrasse_660x150px.jpg",660,150,false],"2048x2048":["https:\/\/www.detlev-kostka.de\/plansmart-bauconsulting\/wp-content\/uploads\/2026\/06\/2026_Kita_Preussenstrasse_660x150px.jpg",660,150,false],"post-thumbnail":["https:\/\/www.detlev-kostka.de\/plansmart-bauconsulting\/wp-content\/uploads\/2026\/06\/2026_Kita_Preussenstrasse_660x150px.jpg",660,150,false],"weta-landscape-big":["https:\/\/www.detlev-kostka.de\/plansmart-bauconsulting\/wp-content\/uploads\/2026\/06\/2026_Kita_Preussenstrasse_660x150px.jpg",660,150,false],"weta-square-big":["https:\/\/www.detlev-kostka.de\/plansmart-bauconsulting\/wp-content\/uploads\/2026\/06\/2026_Kita_Preussenstrasse_660x150px.jpg",660,150,false],"weta-portrait-big":["https:\/\/www.detlev-kostka.de\/plansmart-bauconsulting\/wp-content\/uploads\/2026\/06\/2026_Kita_Preussenstrasse_660x150px.jpg",660,150,false],"weta-landscape-medium":["https:\/\/www.detlev-kostka.de\/plansmart-bauconsulting\/wp-content\/uploads\/2026\/06\/2026_Kita_Preussenstrasse_660x150px.jpg",660,150,false],"weta-square-medium":["https:\/\/www.detlev-kostka.de\/plansmart-bauconsulting\/wp-content\/uploads\/2026\/06\/2026_Kita_Preussenstrasse_660x150px.jpg",660,150,false],"weta-portrait-medium":["https:\/\/www.detlev-kostka.de\/plansmart-bauconsulting\/wp-content\/uploads\/2026\/06\/2026_Kita_Preussenstrasse_660x150px.jpg",660,150,false],"weta-landscape-small":["https:\/\/www.detlev-kostka.de\/plansmart-bauconsulting\/wp-content\/uploads\/2026\/06\/2026_Kita_Preussenstrasse_660x150px-373x150.jpg",373,150,true],"weta-square-small":["https:\/\/www.detlev-kostka.de\/plansmart-bauconsulting\/wp-content\/uploads\/2026\/06\/2026_Kita_Preussenstrasse_660x150px-373x150.jpg",373,150,true],"weta-portrait-small":["https:\/\/www.detlev-kostka.de\/plansmart-bauconsulting\/wp-content\/uploads\/2026\/06\/2026_Kita_Preussenstrasse_660x150px-373x150.jpg",373,150,true]},"rttpg_author":{"display_name":"Plansmart","author_link":"https:\/\/www.detlev-kostka.de\/plansmart-bauconsulting\/author\/plansmart\/"},"rttpg_comment":0,"rttpg_category":"<a href=\"https:\/\/www.detlev-kostka.de\/plansmart-bauconsulting\/category\/unsere_projekte\/schulbau\/\" rel=\"category tag\">Schulbau<\/a>","rttpg_excerpt":"Zustimmung der Nutzungsbedingungen von OpenStreetMap erforderlich !Siehe auch unsere Datenschutzerkl\u00e4rung . Nutzungsbedingungen von OpenStreetMap zustimmen. Karte verg\u00f6\u00dfern Architekt: Architekturb\u00fcro Peter Heinz, Tholey Haustechnik: W+P Ingenieure GmbH, Illingen Freianlagen: GDLA &#8211;&hellip; Weiterlesen","_links":{"self":[{"href":"https:\/\/www.detlev-kostka.de\/plansmart-bauconsulting\/wp-json\/wp\/v2\/posts\/1746","targetHints":{"allow":["GET"]}}],"collection":[{"href":"https:\/\/www.detlev-kostka.de\/plansmart-bauconsulting\/wp-json\/wp\/v2\/posts"}],"about":[{"href":"https:\/\/www.detlev-kostka.de\/plansmart-bauconsulting\/wp-json\/wp\/v2\/types\/post"}],"author":[{"embeddable":true,"href":"https:\/\/www.detlev-kostka.de\/plansmart-bauconsulting\/wp-json\/wp\/v2\/users\/1"}],"replies":[{"embeddable":true,"href":"https:\/\/www.detlev-kostka.de\/plansmart-bauconsulting\/wp-json\/wp\/v2\/comments?post=1746"}],"version-history":[{"count":47,"href":"https:\/\/www.detlev-kostka.de\/plansmart-bauconsulting\/wp-json\/wp\/v2\/posts\/1746\/revisions"}],"predecessor-version":[{"id":2140,"href":"https:\/\/www.detlev-kostka.de\/plansmart-bauconsulting\/wp-json\/wp\/v2\/posts\/1746\/revisions\/2140"}],"wp:featuredmedia":[{"embeddable":true,"href":"https:\/\/www.detlev-kostka.de\/plansmart-bauconsulting\/wp-json\/wp\/v2\/media\/1748"}],"wp:attachment":[{"href":"https:\/\/www.detlev-kostka.de\/plansmart-bauconsulting\/wp-json\/wp\/v2\/media?parent=1746"}],"wp:term":[{"taxonomy":"category","embeddable":true,"href":"https:\/\/www.detlev-kostka.de\/plansmart-bauconsulting\/wp-json\/wp\/v2\/categories?post=1746"},{"taxonomy":"post_tag","embeddable":true,"href":"https:\/\/www.detlev-kostka.de\/plansmart-bauconsulting\/wp-json\/wp\/v2\/tags?post=1746"}],"curies":[{"name":"wp","href":"https:\/\/api.w.org\/{rel}","templated":true}]}}